{"id":2103,"date":"2025-04-14T17:10:30","date_gmt":"2025-04-14T17:10:30","guid":{"rendered":"https:\/\/www.fisiologiavegetal.org\/rafv\/?p=2103"},"modified":"2025-04-15T14:16:28","modified_gmt":"2025-04-15T14:16:28","slug":"presentacion-oral-de-posters-flash-talks","status":"publish","type":"post","link":"https:\/\/www.fisiologiavegetal.org\/rafv\/categoria\/presentacion-oral-de-posters-flash-talks\/","title":{"rendered":"Presentaci\u00f3n oral de posters (flash talks)"},"content":{"rendered":"\n<p>Tendremos espacios destinados a presentaciones cortas (5 minutos, no m\u00e1s de 3 diapositivas y sin<br>espacio para contestar preguntas). Los autores que env\u00eden trabajos para ser presentados en formato<br>de p\u00f3ster tendr\u00e1n la opci\u00f3n de optar voluntariamente por hacer tambi\u00e9n una presentaci\u00f3n oral<br>corta. El n\u00famero final de trabajos presentados ser\u00e1 seleccionado por la Comisi\u00f3n organizadora.<\/p>\n\n\n\n<p><br><strong>Formato y env\u00edo de res\u00famenes<br><\/strong>El resumen del trabajo deber\u00e1 enviarse al momento de realizar la inscripci\u00f3n. El formato del mismo y<br>las direcciones web para realizar las presentaciones ser\u00e1 enviada a la brevedad.<br><\/p>\n","protected":false},"excerpt":{"rendered":"<p>Tendremos espacios destinados a presentaciones cortas (5 minutos, no m\u00e1s de 3 diapositivas y sinespacio para contestar preguntas). Los autores que env\u00eden trabajos para ser presentados en formatode p\u00f3ster tendr\u00e1n la opci\u00f3n de optar voluntariamente por hacer tambi\u00e9n una presentaci\u00f3n oralcorta. El n\u00famero final de trabajos presentados ser\u00e1 seleccionado por la Comisi\u00f3n organizadora. Formato y &hellip; <\/p>\n","protected":false},"author":3,"featured_media":0,"comment_status":"closed","ping_status":"closed","sticky":false,"template":"","format":"standard","meta":{"footnotes":""},"categories":[1],"tags":[],"class_list":["post-2103","post","type-post","status-publish","format-standard","hentry","category-categoria"],"_links":{"self":[{"href":"https:\/\/www.fisiologiavegetal.org\/rafv\/wp-json\/wp\/v2\/posts\/2103","targetHints":{"allow":["GET"]}}],"collection":[{"href":"https:\/\/www.fisiologiavegetal.org\/rafv\/wp-json\/wp\/v2\/posts"}],"about":[{"href":"https:\/\/www.fisiologiavegetal.org\/rafv\/wp-json\/wp\/v2\/types\/post"}],"author":[{"embeddable":true,"href":"https:\/\/www.fisiologiavegetal.org\/rafv\/wp-json\/wp\/v2\/users\/3"}],"replies":[{"embeddable":true,"href":"https:\/\/www.fisiologiavegetal.org\/rafv\/wp-json\/wp\/v2\/comments?post=2103"}],"version-history":[{"count":1,"href":"https:\/\/www.fisiologiavegetal.org\/rafv\/wp-json\/wp\/v2\/posts\/2103\/revisions"}],"predecessor-version":[{"id":2104,"href":"https:\/\/www.fisiologiavegetal.org\/rafv\/wp-json\/wp\/v2\/posts\/2103\/revisions\/2104"}],"wp:attachment":[{"href":"https:\/\/www.fisiologiavegetal.org\/rafv\/wp-json\/wp\/v2\/media?parent=2103"}],"wp:term":[{"taxonomy":"category","embeddable":true,"href":"https:\/\/www.fisiologiavegetal.org\/rafv\/wp-json\/wp\/v2\/categories?post=2103"},{"taxonomy":"post_tag","embeddable":true,"href":"https:\/\/www.fisiologiavegetal.org\/rafv\/wp-json\/wp\/v2\/tags?post=2103"}],"curies":[{"name":"wp","href":"https:\/\/api.w.org\/{rel}","templated":true}]}}