{"id":2101,"date":"2025-04-14T17:08:50","date_gmt":"2025-04-14T17:08:50","guid":{"rendered":"https:\/\/www.fisiologiavegetal.org\/rafv\/?p=2101"},"modified":"2025-04-16T22:44:07","modified_gmt":"2025-04-16T22:44:07","slug":"simposios","status":"publish","type":"post","link":"https:\/\/www.fisiologiavegetal.org\/rafv\/categoria\/simposios\/","title":{"rendered":"Simposios"},"content":{"rendered":"\t\t<div data-elementor-type=\"wp-post\" data-elementor-id=\"2101\" class=\"elementor elementor-2101\">\n\t\t\t\t<div class=\"elementor-element elementor-element-1319fe71 e-flex e-con-boxed e-con e-parent\" data-id=\"1319fe71\" data-element_type=\"container\" data-e-type=\"container\">\n\t\t\t\t\t<div class=\"e-con-inner\">\n\t\t\t\t<div class=\"elementor-element elementor-element-5a61b7d elementor-widget elementor-widget-text-editor\" data-id=\"5a61b7d\" data-element_type=\"widget\" data-e-type=\"widget\" data-widget_type=\"text-editor.default\">\n\t\t\t\t<div class=\"elementor-widget-container\">\n\t\t\t\t\t\t\t\t\t<p><\/p>\n<p>Los simposios contar\u00e1n con tres oradores en donde se tratar\u00e1n los siguientes temas:<\/p>\n<p>\u25cf<strong> Crecimiento y Desarrollo (Growth and Development) <\/strong><br \/>&#8211; Coordina: Renata Reinheimer y Ramiro Rodr\u00edguez.<\/p>\n<p><strong>\u25cf Metabolismo (Plant Metabolism) <br \/><\/strong>&#8211; Coordina: Anabela Lodeyro, Mar\u00eda In\u00e9s Zanor y Carlos Bartoli.<\/p>\n<p>\u25cf <strong>Relaciones h\u00eddricas (Water relations)<\/strong> <br \/>&#8211; Coordina: Javier Gyenge y Fernanda Gonz\u00e1lez.<\/p>\n<p>\u25cf <strong>Nutrici\u00f3n mineral (Mineral Nutrition) <\/strong><br \/>&#8211; Coordina: Jorge Moriconi y Noelia Foresi.<\/p>\n<p>\u25cf <strong>La planta y su entorno (Plants and the environment)<\/strong> <br \/>&#8211; Coordina: Ver\u00f3nica Arana y Ver\u00f3nica Rodr\u00edguez.<\/p>\n<p>\u25cf I<strong>nteracciones bi\u00f3ticas (Biological interactions) <\/strong><br \/>&#8211; Coordina: Ana Laura Villasuso, Hern\u00e1n Rosli y Marina Pombo.<\/p>\n<p>\u25cf <strong>Ecofisiolog\u00eda (Ecophysiology) <\/strong><br \/>&#8211; Coordina: Peter Searles y Claudia Vega.<\/p>\n<p><\/p>\t\t\t\t\t\t\t\t<\/div>\n\t\t\t\t<\/div>\n\t\t\t\t\t<\/div>\n\t\t\t\t<\/div>\n\t\t<div class=\"elementor-element elementor-element-bc0b7ce e-flex e-con-boxed e-con e-parent\" data-id=\"bc0b7ce\" data-element_type=\"container\" data-e-type=\"container\">\n\t\t\t\t\t<div class=\"e-con-inner\">\n\t\t\t\t<div class=\"elementor-element elementor-element-b161685 elementor-widget-divider--view-line elementor-widget elementor-widget-divider\" data-id=\"b161685\" data-element_type=\"widget\" data-e-type=\"widget\" data-widget_type=\"divider.default\">\n\t\t\t\t<div class=\"elementor-widget-container\">\n\t\t\t\t\t\t\t<div class=\"elementor-divider\">\n\t\t\t<span class=\"elementor-divider-separator\">\n\t\t\t\t\t\t<\/span>\n\t\t<\/div>\n\t\t\t\t\t\t<\/div>\n\t\t\t\t<\/div>\n\t\t\t\t\t<\/div>\n\t\t\t\t<\/div>\n\t\t<div class=\"elementor-element elementor-element-8afa040 e-flex e-con-boxed e-con e-parent\" data-id=\"8afa040\" data-element_type=\"container\" data-e-type=\"container\">\n\t\t\t\t\t<div class=\"e-con-inner\">\n\t\t\t\t<div class=\"elementor-element elementor-element-0d7c5c3 elementor-widget elementor-widget-heading\" data-id=\"0d7c5c3\" data-element_type=\"widget\" data-e-type=\"widget\" data-widget_type=\"heading.default\">\n\t\t\t\t<div class=\"elementor-widget-container\">\n\t\t\t\t\t<h2 class=\"elementor-heading-title elementor-size-default\">Workshops<\/h2>\t\t\t\t<\/div>\n\t\t\t\t<\/div>\n\t\t\t\t\t<\/div>\n\t\t\t\t<\/div>\n\t\t<div class=\"elementor-element elementor-element-12fb503 e-flex e-con-boxed e-con e-parent\" data-id=\"12fb503\" data-element_type=\"container\" data-e-type=\"container\">\n\t\t\t\t\t<div class=\"e-con-inner\">\n\t\t\t\t<div class=\"elementor-element elementor-element-9c5ba87 elementor-widget elementor-widget-text-editor\" data-id=\"9c5ba87\" data-element_type=\"widget\" data-e-type=\"widget\" data-widget_type=\"text-editor.default\">\n\t\t\t\t<div class=\"elementor-widget-container\">\n\t\t\t\t\t\t\t\t\t<p class=\"has-medium-font-size\" style=\"font-size: 20px !important;\">\u25cf\u00a0<strong>Aplicaciones biotecnol\u00f3gicas.<\/strong><br \/>&#8211; Coordina: Diego Lijavetzky<\/p>\n<p>\u25cf\u00a0<strong>Empresas \u201cstart ups\u201d.<\/strong><br \/>&#8211; Coordina: Gabriela Pagnussat, Claudia Casalongue.<\/p>\n<p style=\"margin-bottom: 1.5em;\">\u25cf\u00a0<strong>Cultivos subutilizados (Orphan crops).<\/strong><br \/>&#8211; Coordina: Renata Reinheimer<\/p>\t\t\t\t\t\t\t\t<\/div>\n\t\t\t\t<\/div>\n\t\t\t\t\t<\/div>\n\t\t\t\t<\/div>\n\t\t\t\t<\/div>\n\t\t","protected":false},"excerpt":{"rendered":"<p>Los simposios contar\u00e1n con tres oradores en donde se tratar\u00e1n los siguientes temas: \u25cf Crecimiento y Desarrollo (Growth and Development) &#8211; Coordina: Renata Reinheimer y Ramiro Rodr\u00edguez. \u25cf Metabolismo (Plant Metabolism) &#8211; Coordina: Anabela Lodeyro, Mar\u00eda In\u00e9s Zanor y Carlos Bartoli. \u25cf Relaciones h\u00eddricas (Water relations) &#8211; Coordina: Javier Gyenge y Fernanda Gonz\u00e1lez. \u25cf Nutrici\u00f3n &hellip; <\/p>\n","protected":false},"author":3,"featured_media":0,"comment_status":"closed","ping_status":"closed","sticky":false,"template":"","format":"standard","meta":{"footnotes":""},"categories":[1],"tags":[],"class_list":["post-2101","post","type-post","status-publish","format-standard","hentry","category-categoria"],"_links":{"self":[{"href":"https:\/\/www.fisiologiavegetal.org\/rafv\/wp-json\/wp\/v2\/posts\/2101","targetHints":{"allow":["GET"]}}],"collection":[{"href":"https:\/\/www.fisiologiavegetal.org\/rafv\/wp-json\/wp\/v2\/posts"}],"about":[{"href":"https:\/\/www.fisiologiavegetal.org\/rafv\/wp-json\/wp\/v2\/types\/post"}],"author":[{"embeddable":true,"href":"https:\/\/www.fisiologiavegetal.org\/rafv\/wp-json\/wp\/v2\/users\/3"}],"replies":[{"embeddable":true,"href":"https:\/\/www.fisiologiavegetal.org\/rafv\/wp-json\/wp\/v2\/comments?post=2101"}],"version-history":[{"count":12,"href":"https:\/\/www.fisiologiavegetal.org\/rafv\/wp-json\/wp\/v2\/posts\/2101\/revisions"}],"predecessor-version":[{"id":2127,"href":"https:\/\/www.fisiologiavegetal.org\/rafv\/wp-json\/wp\/v2\/posts\/2101\/revisions\/2127"}],"wp:attachment":[{"href":"https:\/\/www.fisiologiavegetal.org\/rafv\/wp-json\/wp\/v2\/media?parent=2101"}],"wp:term":[{"taxonomy":"category","embeddable":true,"href":"https:\/\/www.fisiologiavegetal.org\/rafv\/wp-json\/wp\/v2\/categories?post=2101"},{"taxonomy":"post_tag","embeddable":true,"href":"https:\/\/www.fisiologiavegetal.org\/rafv\/wp-json\/wp\/v2\/tags?post=2101"}],"curies":[{"name":"wp","href":"https:\/\/api.w.org\/{rel}","templated":true}]}}